{"id":6065,"date":"2023-06-29T12:38:34","date_gmt":"2023-06-29T16:38:34","guid":{"rendered":"https:\/\/carefor.ca\/stories\/friendship-cant-be-stopped\/"},"modified":"2023-12-22T05:48:04","modified_gmt":"2023-12-22T10:48:04","slug":"friendship-cant-be-stopped","status":"publish","type":"story","link":"https:\/\/carefor.ca\/fr\/stories\/friendship-cant-be-stopped\/","title":{"rendered":"Des amiti\u00e9s ind\u00e9fectibles"},"content":{"rendered":"\n<h1 class=\"wp-block-heading\"><\/h1>\n\n\n\n<p>L\u2019ONU a proclam\u00e9 le 30 juillet Journ\u00e9e internationale de l\u2019amiti\u00e9 afin de rappeler que l\u2019amiti\u00e9 entre les peuples, les nations et les individus inspire des efforts de paix et offre l\u2019occasion de jeter des ponts entre communaut\u00e9s.<\/p>\n\n\n\n<p>Devant les cons\u00e9quences majeures de la COVID-19 sur nos vies, nous avons revu notre perception de l\u2019amiti\u00e9 et des moyens de la maintenir malgr\u00e9 la distanciation physique. Les initiatives comme le Programme d\u2019amiti\u00e9 offert par Carefor dans les comt\u00e9s de l\u2019Est sont essentielles au maintien des relations humaines en cette p\u00e9riode de pand\u00e9mie<span style=\"font-size: 15px;\">.<\/span><\/p>\n\n\n\n<p>Le Programme d\u2019amiti\u00e9 incarne le v\u00e9ritable sens de l\u2019amiti\u00e9 en offrant compassion, confort et respect aux membres du Club social de Carefor. Le Club est un espace s\u00fbr pour les adultes avec un handicap physique et leur famille, o\u00f9 ils peuvent obtenir le soutien de leurs pairs et de b\u00e9n\u00e9voles lors d\u2019activit\u00e9s de groupe organis\u00e9es.<\/p>\n\n\n\n<p>Kevin Snider, un membre actif du Club depuis plus de 20 ans, est devenu un visage familier du groupe. Kevin s\u2019ennuie de voir ses amis lors d\u2019activit\u00e9s sociales comme les quilles, les sorties au restaurant et le l\u00e8che-vitrine au centre commercial. \u00ab Je me sens heureux [quand je vois mes amis du Club], et cela me fait me sentir bien. Nous sommes tous amis \u00bb, raconte Kevin. Un sentiment partag\u00e9 par les autres membres du Club.<\/p>\n\n\n\n<p>M\u00eame si le Programme organise des activit\u00e9s en ligne depuis quelques mois, cela n\u2019a pas emp\u00each\u00e9 Kevin de rester en contact avec ses amis. Ils font des exercices, jouent \u00e0 des jeux, font des activit\u00e9s et discutent \u00e0 l\u2019aide de Zoom et de Facebook. Ils se parlent aussi au t\u00e9l\u00e9phone, puisque certains participants ne sont pas en mesure d\u2019utiliser un ordinateur.<\/p>\n\n\n\n<p>Carole Snider, la m\u00e8re de Kevin et b\u00e9n\u00e9vole aupr\u00e8s du groupe, est d\u2019avis que ce programme comble un vide dans la r\u00e9gion. \u00ab Ce club est la meilleure chose qui lui soit jamais arriv\u00e9e. Ce programme est une source de stimulations et d\u2019exp\u00e9riences en dehors des visites chez le m\u00e9decin. \u00bb<\/p>\n\n\n\n<figure class=\"wp-block-image\"><img decoding=\"async\" src=\"https:\/\/carefor.ca\/wp-content\/uploads\/2023\/06\/5f1b20b71be00.jpg\" alt=\"Ron Cormier (left) and Kevin Snider (right), both members of the club\"\/><\/figure>\n\n\n\n<p>\u00ab Le Club social de Carefor est inclusif, tout le monde est trait\u00e9 sur un pied d\u2019\u00e9galit\u00e9, d\u00e9clare Lisa Steer-Vachon, la chef d\u2019\u00e9quipe du Programme d\u2019amiti\u00e9. Si nous organisons une activit\u00e9 en ligne ou en personne, tout le monde participe \u00e9quitablement. Nous sommes comme une famille. \u00bb<\/p>\n\n\n\n<p>Si Kevin ne peut pas voir ses amis en personne en ce moment, il a h\u00e2te de les voir en ligne tous les jours. \u00ab Je souhaite que tout le monde tire le meilleur de sa journ\u00e9e \u00bb, conclut-il, un message puissant \u00e0 la centaine d\u2019amis et de membres du Club social de Carefor des comt\u00e9s de l\u2019Est, ainsi qu\u2019\u00e0 nous tous.<\/p>\n\n\n\n<p><a href=\"https:\/\/carefor.ca\/services\/?comaction=view&amp;cid=15&amp;id=38\" target=\"_blank\" rel=\"noreferrer noopener\">Cliquez ici<\/a> pour en savoir plus sur le Programme d\u2019amiti\u00e9 de Carefor.<\/p>\n","protected":false},"excerpt":{"rendered":"<p>L\u2019ONU a proclam\u00e9 le 30 juillet Journ\u00e9e internationale de l\u2019amiti\u00e9 afin de rappeler que l\u2019amiti\u00e9 entre les peuples, les nations et les individus inspire des efforts de paix et offre [&hellip;]<\/p>\n","protected":false},"author":1,"featured_media":5081,"menu_order":0,"template":"","tags":[],"story-type":[60],"class_list":["post-6065","story","type-story","status-publish","has-post-thumbnail","hentry","story-type-clients-fr"],"acf":[],"yoast_head":"<!-- This site is optimized with the Yoast SEO Premium plugin v24.9 (Yoast SEO v27.5) - https:\/\/yoast.com\/product\/yoast-seo-premium-wordpress\/ -->\n<title>Des amiti\u00e9s ind\u00e9fectibles - Carefor<\/title>\n<meta name=\"robots\" content=\"index, follow, max-snippet:-1, max-image-preview:large, max-video-preview:-1\" \/>\n<link rel=\"canonical\" href=\"https:\/\/carefor.ca\/fr\/stories\/friendship-cant-be-stopped\/\" \/>\n<meta property=\"og:locale\" content=\"fr_FR\" \/>\n<meta property=\"og:type\" content=\"article\" \/>\n<meta property=\"og:title\" content=\"Des amiti\u00e9s ind\u00e9fectibles\" \/>\n<meta property=\"og:description\" content=\"L\u2019ONU a proclam\u00e9 le 30 juillet Journ\u00e9e internationale de l\u2019amiti\u00e9 afin de rappeler que l\u2019amiti\u00e9 entre les peuples, les nations et les individus inspire des efforts de paix et offre [&hellip;]\" \/>\n<meta property=\"og:url\" content=\"https:\/\/carefor.ca\/fr\/stories\/friendship-cant-be-stopped\/\" \/>\n<meta property=\"og:site_name\" content=\"Carefor\" \/>\n<meta property=\"article:publisher\" content=\"https:\/\/www.facebook.com\/CareforHCS\" \/>\n<meta property=\"article:modified_time\" content=\"2023-12-22T10:48:04+00:00\" \/>\n<meta property=\"og:image\" content=\"https:\/\/carefor.ca\/wp-content\/uploads\/2023\/07\/friendship-cant-be-stopped-image-63.jpg\" \/>\n\t<meta property=\"og:image:width\" content=\"1024\" \/>\n\t<meta property=\"og:image:height\" content=\"768\" \/>\n\t<meta property=\"og:image:type\" content=\"image\/jpeg\" \/>\n<meta name=\"twitter:card\" content=\"summary_large_image\" \/>\n<meta name=\"twitter:site\" content=\"@CareforHCS\" \/>\n<meta name=\"twitter:label1\" content=\"Dur\u00e9e de lecture estim\u00e9e\" \/>\n\t<meta name=\"twitter:data1\" content=\"3 minutes\" \/>\n<script type=\"application\/ld+json\" class=\"yoast-schema-graph\">{\"@context\":\"https:\\\/\\\/schema.org\",\"@graph\":[{\"@type\":\"WebPage\",\"@id\":\"https:\\\/\\\/carefor.ca\\\/fr\\\/stories\\\/friendship-cant-be-stopped\\\/\",\"url\":\"https:\\\/\\\/carefor.ca\\\/fr\\\/stories\\\/friendship-cant-be-stopped\\\/\",\"name\":\"Des amiti\u00e9s ind\u00e9fectibles - Carefor\",\"isPartOf\":{\"@id\":\"https:\\\/\\\/carefor.ca\\\/fr\\\/#website\"},\"primaryImageOfPage\":{\"@id\":\"https:\\\/\\\/carefor.ca\\\/fr\\\/stories\\\/friendship-cant-be-stopped\\\/#primaryimage\"},\"image\":{\"@id\":\"https:\\\/\\\/carefor.ca\\\/fr\\\/stories\\\/friendship-cant-be-stopped\\\/#primaryimage\"},\"thumbnailUrl\":\"https:\\\/\\\/carefor.ca\\\/wp-content\\\/uploads\\\/2023\\\/07\\\/friendship-cant-be-stopped-image-63.jpg\",\"datePublished\":\"2023-06-29T16:38:34+00:00\",\"dateModified\":\"2023-12-22T10:48:04+00:00\",\"breadcrumb\":{\"@id\":\"https:\\\/\\\/carefor.ca\\\/fr\\\/stories\\\/friendship-cant-be-stopped\\\/#breadcrumb\"},\"inLanguage\":\"fr-FR\",\"potentialAction\":[{\"@type\":\"ReadAction\",\"target\":[\"https:\\\/\\\/carefor.ca\\\/fr\\\/stories\\\/friendship-cant-be-stopped\\\/\"]}]},{\"@type\":\"ImageObject\",\"inLanguage\":\"fr-FR\",\"@id\":\"https:\\\/\\\/carefor.ca\\\/fr\\\/stories\\\/friendship-cant-be-stopped\\\/#primaryimage\",\"url\":\"https:\\\/\\\/carefor.ca\\\/wp-content\\\/uploads\\\/2023\\\/07\\\/friendship-cant-be-stopped-image-63.jpg\",\"contentUrl\":\"https:\\\/\\\/carefor.ca\\\/wp-content\\\/uploads\\\/2023\\\/07\\\/friendship-cant-be-stopped-image-63.jpg\",\"width\":1024,\"height\":768},{\"@type\":\"BreadcrumbList\",\"@id\":\"https:\\\/\\\/carefor.ca\\\/fr\\\/stories\\\/friendship-cant-be-stopped\\\/#breadcrumb\",\"itemListElement\":[{\"@type\":\"ListItem\",\"position\":1,\"name\":\"Home\",\"item\":\"https:\\\/\\\/carefor.ca\\\/fr\\\/\"},{\"@type\":\"ListItem\",\"position\":2,\"name\":\"Stories\",\"item\":\"https:\\\/\\\/carefor.ca\\\/fr\\\/stories\\\/\"},{\"@type\":\"ListItem\",\"position\":3,\"name\":\"Des amiti\u00e9s ind\u00e9fectibles\"}]},{\"@type\":\"WebSite\",\"@id\":\"https:\\\/\\\/carefor.ca\\\/fr\\\/#website\",\"url\":\"https:\\\/\\\/carefor.ca\\\/fr\\\/\",\"name\":\"Carefor\",\"description\":\"High Quality Homecare\",\"publisher\":{\"@id\":\"https:\\\/\\\/carefor.ca\\\/fr\\\/#organization\"},\"potentialAction\":[{\"@type\":\"SearchAction\",\"target\":{\"@type\":\"EntryPoint\",\"urlTemplate\":\"https:\\\/\\\/carefor.ca\\\/fr\\\/?s={search_term_string}\"},\"query-input\":{\"@type\":\"PropertyValueSpecification\",\"valueRequired\":true,\"valueName\":\"search_term_string\"}}],\"inLanguage\":\"fr-FR\"},{\"@type\":\"Organization\",\"@id\":\"https:\\\/\\\/carefor.ca\\\/fr\\\/#organization\",\"name\":\"Carefor Health and Community Services\",\"url\":\"https:\\\/\\\/carefor.ca\\\/fr\\\/\",\"logo\":{\"@type\":\"ImageObject\",\"inLanguage\":\"fr-FR\",\"@id\":\"https:\\\/\\\/carefor.ca\\\/fr\\\/#\\\/schema\\\/logo\\\/image\\\/\",\"url\":\"\",\"contentUrl\":\"\",\"caption\":\"Carefor Health and Community Services\"},\"image\":{\"@id\":\"https:\\\/\\\/carefor.ca\\\/fr\\\/#\\\/schema\\\/logo\\\/image\\\/\"},\"sameAs\":[\"https:\\\/\\\/www.facebook.com\\\/CareforHCS\",\"https:\\\/\\\/x.com\\\/CareforHCS\",\"https:\\\/\\\/www.linkedin.com\\\/company\\\/carefor-health-and-community-services\\\/\"],\"description\":\"205 Amelia Street, Suite 100 Cornwall, ON K6H 3P3\",\"email\":\"infoeasterncounties@carefor.ca\",\"telephone\":\"613-932-3451\"}]}<\/script>\n<!-- \/ Yoast SEO Premium plugin. -->","yoast_head_json":{"title":"Des amiti\u00e9s ind\u00e9fectibles - Carefor","robots":{"index":"index","follow":"follow","max-snippet":"max-snippet:-1","max-image-preview":"max-image-preview:large","max-video-preview":"max-video-preview:-1"},"canonical":"https:\/\/carefor.ca\/fr\/stories\/friendship-cant-be-stopped\/","og_locale":"fr_FR","og_type":"article","og_title":"Des amiti\u00e9s ind\u00e9fectibles","og_description":"L\u2019ONU a proclam\u00e9 le 30 juillet Journ\u00e9e internationale de l\u2019amiti\u00e9 afin de rappeler que l\u2019amiti\u00e9 entre les peuples, les nations et les individus inspire des efforts de paix et offre [&hellip;]","og_url":"https:\/\/carefor.ca\/fr\/stories\/friendship-cant-be-stopped\/","og_site_name":"Carefor","article_publisher":"https:\/\/www.facebook.com\/CareforHCS","article_modified_time":"2023-12-22T10:48:04+00:00","og_image":[{"width":1024,"height":768,"url":"https:\/\/carefor.ca\/wp-content\/uploads\/2023\/07\/friendship-cant-be-stopped-image-63.jpg","type":"image\/jpeg"}],"twitter_card":"summary_large_image","twitter_site":"@CareforHCS","twitter_misc":{"Dur\u00e9e de lecture estim\u00e9e":"3 minutes"},"schema":{"@context":"https:\/\/schema.org","@graph":[{"@type":"WebPage","@id":"https:\/\/carefor.ca\/fr\/stories\/friendship-cant-be-stopped\/","url":"https:\/\/carefor.ca\/fr\/stories\/friendship-cant-be-stopped\/","name":"Des amiti\u00e9s ind\u00e9fectibles - Carefor","isPartOf":{"@id":"https:\/\/carefor.ca\/fr\/#website"},"primaryImageOfPage":{"@id":"https:\/\/carefor.ca\/fr\/stories\/friendship-cant-be-stopped\/#primaryimage"},"image":{"@id":"https:\/\/carefor.ca\/fr\/stories\/friendship-cant-be-stopped\/#primaryimage"},"thumbnailUrl":"https:\/\/carefor.ca\/wp-content\/uploads\/2023\/07\/friendship-cant-be-stopped-image-63.jpg","datePublished":"2023-06-29T16:38:34+00:00","dateModified":"2023-12-22T10:48:04+00:00","breadcrumb":{"@id":"https:\/\/carefor.ca\/fr\/stories\/friendship-cant-be-stopped\/#breadcrumb"},"inLanguage":"fr-FR","potentialAction":[{"@type":"ReadAction","target":["https:\/\/carefor.ca\/fr\/stories\/friendship-cant-be-stopped\/"]}]},{"@type":"ImageObject","inLanguage":"fr-FR","@id":"https:\/\/carefor.ca\/fr\/stories\/friendship-cant-be-stopped\/#primaryimage","url":"https:\/\/carefor.ca\/wp-content\/uploads\/2023\/07\/friendship-cant-be-stopped-image-63.jpg","contentUrl":"https:\/\/carefor.ca\/wp-content\/uploads\/2023\/07\/friendship-cant-be-stopped-image-63.jpg","width":1024,"height":768},{"@type":"BreadcrumbList","@id":"https:\/\/carefor.ca\/fr\/stories\/friendship-cant-be-stopped\/#breadcrumb","itemListElement":[{"@type":"ListItem","position":1,"name":"Home","item":"https:\/\/carefor.ca\/fr\/"},{"@type":"ListItem","position":2,"name":"Stories","item":"https:\/\/carefor.ca\/fr\/stories\/"},{"@type":"ListItem","position":3,"name":"Des amiti\u00e9s ind\u00e9fectibles"}]},{"@type":"WebSite","@id":"https:\/\/carefor.ca\/fr\/#website","url":"https:\/\/carefor.ca\/fr\/","name":"Carefor","description":"High Quality Homecare","publisher":{"@id":"https:\/\/carefor.ca\/fr\/#organization"},"potentialAction":[{"@type":"SearchAction","target":{"@type":"EntryPoint","urlTemplate":"https:\/\/carefor.ca\/fr\/?s={search_term_string}"},"query-input":{"@type":"PropertyValueSpecification","valueRequired":true,"valueName":"search_term_string"}}],"inLanguage":"fr-FR"},{"@type":"Organization","@id":"https:\/\/carefor.ca\/fr\/#organization","name":"Carefor Health and Community Services","url":"https:\/\/carefor.ca\/fr\/","logo":{"@type":"ImageObject","inLanguage":"fr-FR","@id":"https:\/\/carefor.ca\/fr\/#\/schema\/logo\/image\/","url":"","contentUrl":"","caption":"Carefor Health and Community Services"},"image":{"@id":"https:\/\/carefor.ca\/fr\/#\/schema\/logo\/image\/"},"sameAs":["https:\/\/www.facebook.com\/CareforHCS","https:\/\/x.com\/CareforHCS","https:\/\/www.linkedin.com\/company\/carefor-health-and-community-services\/"],"description":"205 Amelia Street, Suite 100 Cornwall, ON K6H 3P3","email":"infoeasterncounties@carefor.ca","telephone":"613-932-3451"}]}},"video_code":null,"_links":{"self":[{"href":"https:\/\/carefor.ca\/fr\/wp-json\/wp\/v2\/story\/6065","targetHints":{"allow":["GET"]}}],"collection":[{"href":"https:\/\/carefor.ca\/fr\/wp-json\/wp\/v2\/story"}],"about":[{"href":"https:\/\/carefor.ca\/fr\/wp-json\/wp\/v2\/types\/story"}],"author":[{"embeddable":true,"href":"https:\/\/carefor.ca\/fr\/wp-json\/wp\/v2\/users\/1"}],"wp:featuredmedia":[{"embeddable":true,"href":"https:\/\/carefor.ca\/fr\/wp-json\/wp\/v2\/media\/5081"}],"wp:attachment":[{"href":"https:\/\/carefor.ca\/fr\/wp-json\/wp\/v2\/media?parent=6065"}],"wp:term":[{"taxonomy":"post_tag","embeddable":true,"href":"https:\/\/carefor.ca\/fr\/wp-json\/wp\/v2\/tags?post=6065"},{"taxonomy":"story-type","embeddable":true,"href":"https:\/\/carefor.ca\/fr\/wp-json\/wp\/v2\/story-type?post=6065"}],"curies":[{"name":"wp","href":"https:\/\/api.w.org\/{rel}","templated":true}]}}