{"id":7673,"date":"2024-05-13T14:31:19","date_gmt":"2024-05-13T18:31:19","guid":{"rendered":"https:\/\/carefor.ca\/unlocking-flexibility-essential-stretching-tips-for-seniors-to-embrace-active-aging\/"},"modified":"2024-06-07T12:25:37","modified_gmt":"2024-06-07T16:25:37","slug":"liberer-la-flexibilite-conseils-detirement-essentiels-pour-que-les-personnes-agees-puissent-adopter-un-vieillissement-actif","status":"publish","type":"post","link":"https:\/\/carefor.ca\/fr\/liberer-la-flexibilite-conseils-detirement-essentiels-pour-que-les-personnes-agees-puissent-adopter-un-vieillissement-actif\/","title":{"rendered":"Lib\u00e9rer la flexibilit\u00e9\u00a0: conseils d\u2019\u00e9tirement essentiels pour que les personnes \u00e2g\u00e9es puissent adopter un vieillissement actif"},"content":{"rendered":"\n<p>Alors que les seniors continuent d\u2019adopter un mode de vie actif et dynamique, l\u2019importance de la flexibilit\u00e9 et de la mobilit\u00e9 ne peut \u00eatre surestim\u00e9e. L&rsquo;int\u00e9gration d&rsquo;exercices d&rsquo;\u00e9tirement dans les routines quotidiennes joue un r\u00f4le essentiel dans le maintien de la sant\u00e9 des articulations, la pr\u00e9vention des blessures et la promotion du bien-\u00eatre g\u00e9n\u00e9ral. Dans ce guide, nous explorons des conseils d\u2019\u00e9tirement essentiels adapt\u00e9s aux personnes \u00e2g\u00e9es, favorisant ainsi un vieillissement actif.<\/p>\n\n\n\n<p><strong>Commencez lentement, progressez progressivement<\/strong><\/p>\n\n\n\n<p>L\u2019une des r\u00e8gles d\u2019or des \u00e9tirements pour les seniors est de commencer lentement et de progresser progressivement. Avant de se lancer dans les \u00e9tirements, il est crucial d\u2019\u00e9chauffer le corps. Des activit\u00e9s a\u00e9robiques douces telles que la marche ou le v\u00e9lo pendant 5 \u00e0 10 minutes augmentent le flux sanguin vers les muscles, les pr\u00e9parant ainsi aux exercices d&rsquo;\u00e9tirement. Cela aide \u00e0 pr\u00e9venir les blessures et garantit un \u00e9tirement plus efficace.<\/p>\n\n\n\n<p>Commencez par des \u00e9tirements doux et dynamiques qui sollicitent les principaux groupes musculaires. \u00c9tirez les principaux groupes musculaires, notamment les ischio-jambiers, les quadriceps, les mollets, les \u00e9paules et le bas du dos. Ces zones sont particuli\u00e8rement sujettes aux raideurs et des \u00e9tirements r\u00e9guliers peuvent am\u00e9liorer l\u2019amplitude des mouvements et att\u00e9nuer l\u2019inconfort.<\/p>\n\n\n\n<p>\u00c0 mesure que la flexibilit\u00e9 s&rsquo;am\u00e9liore, les personnes \u00e2g\u00e9es peuvent introduire des \u00e9tirements statiques, en maintenant chaque position pendant environ 15 \u00e0 30 secondes. Assurez-vous de porter une attention particuli\u00e8re \u00e0 votre corps et \u00e9vitez de sortir de votre zone de confort. L&rsquo;inconfort est normal lors des \u00e9tirements, mais la douleur doit \u00eatre \u00e9vit\u00e9e.<\/p>\n\n\n\n<p>Si un \u00e9tirement est douloureux, il est essentiel de lever le pied et de consulter un professionnel de sant\u00e9 si n\u00e9cessaire. Pour ceux qui d\u00e9couvrent les \u00e9tirements ou les personnes ayant des probl\u00e8mes de sant\u00e9 existants, il est conseill\u00e9 de consulter un professionnel de la sant\u00e9 ou un entra\u00eeneur de fitness certifi\u00e9. Ils peuvent fournir des conseils personnalis\u00e9s, en tenant compte des besoins et des limites de sant\u00e9 de chacun.<\/p>\n\n\n\n<p><strong>Profitez du processus<\/strong><\/p>\n\n\n\n<p>Les \u00e9tirements devraient \u00eatre une exp\u00e9rience agr\u00e9able et rajeunissante. Les seniors sont encourag\u00e9s \u00e0 adopter le processus, \u00e0 c\u00e9l\u00e9brer les petites victoires et \u00e0 appr\u00e9cier l\u2019impact positif des \u00e9tirements sur leur bien-\u00eatre g\u00e9n\u00e9ral.<\/p>\n\n\n\n<p>Pour profiter pleinement des bienfaits des \u00e9tirements, essayez de rester sur la bonne voie et de vous \u00e9tirer r\u00e9guli\u00e8rement. Visez au moins 10 \u00e0 15 minutes d\u2019exercices d\u2019\u00e9tirement presque tous les jours de la semaine. Cette pratique r\u00e9guli\u00e8re contribue \u00e0 une meilleure flexibilit\u00e9 et \u00e0 une meilleure mobilit\u00e9 globale.<\/p>\n\n\n\n<p>M\u00eame si la coh\u00e9rence est essentielle, il est \u00e9galement important de changer les choses de temps en temps. Essayez des activit\u00e9s telles que des exercices d\u2019\u00e9quilibre et des exercices sur chaise comme le yoga sur chaise. Pour les personnes \u00e2g\u00e9es \u00e0 mobilit\u00e9 r\u00e9duite ou ayant des probl\u00e8mes d\u2019\u00e9quilibre, les exercices sur chaise offrent une alternative s\u00fbre et efficace.<\/p>\n\n\n\n<p>Les \u00e9tirements assis peuvent cibler divers groupes musculaires, offrant ainsi les avantages de la flexibilit\u00e9 sans exercer de pression sur les articulations. Les exercices d\u2019\u00e9quilibre, y compris les \u00e9tirements impliquant l\u2019\u00e9quilibre sur une jambe, sont essentiels pour les personnes \u00e2g\u00e9es. Ces exercices am\u00e9liorent la stabilit\u00e9 et r\u00e9duisent le risque de chutes, une pr\u00e9occupation courante chez les personnes \u00e2g\u00e9es. Alors que les seniors se lancent dans leur d\u00e9marche visant \u00e0 maintenir un mode de vie actif et sain, l\u2019int\u00e9gration de ces conseils d\u2019\u00e9tirement dans leur routine quotidienne peut changer la donne. Dans les maisons de retraite Carefor de l&rsquo;ouest d&rsquo;Ottawa et de Pembroke-Renfrew Country, nous fournissons \u00e0 nos r\u00e9sidents un calendrier complet d&rsquo;activit\u00e9s qui pr\u00e9sente de nombreuses occasions pour nos r\u00e9sidents de faire de l&rsquo;exercice et de s&rsquo;\u00e9tirer pour les aider \u00e0 maintenir leur mobilit\u00e9 et leur flexibilit\u00e9. Gr\u00e2ce \u00e0 ces activit\u00e9s et \u00e0 d\u2019autres, notamment le bingo, les cartes et les jeux-questionnaires, nous visons \u00e0 cr\u00e9er un environnement accueillant qui contribuera \u00e0 favoriser un sentiment de communaut\u00e9.<\/p>\n","protected":false},"excerpt":{"rendered":"<p>Alors que les seniors continuent d\u2019adopter un mode de vie actif et dynamique, l\u2019importance de la flexibilit\u00e9 et de la mobilit\u00e9 ne peut \u00eatre surestim\u00e9e. L&rsquo;int\u00e9gration d&rsquo;exercices d&rsquo;\u00e9tirement dans les [&hellip;]<\/p>\n","protected":false},"author":13,"featured_media":5249,"comment_status":"closed","ping_status":"closed","sticky":false,"template":"","format":"standard","meta":{"_acf_changed":false,"_relevanssi_hide_post":"","_relevanssi_hide_content":"","_relevanssi_pin_for_all":"","_relevanssi_pin_keywords":"","_relevanssi_unpin_keywords":"","_relevanssi_related_keywords":"","_relevanssi_related_include_ids":"","_relevanssi_related_exclude_ids":"","_relevanssi_related_no_append":"","_relevanssi_related_not_related":"","_relevanssi_related_posts":"1259,1242,5928,1255,1318,1268","_relevanssi_noindex_reason":"","footnotes":""},"categories":[47],"tags":[137,139],"class_list":["post-7673","post","type-post","status-publish","format-standard","has-post-thumbnail","hentry","category-non-classifiee","tag-active-aging-fr","tag-exercising-fr"],"acf":[],"yoast_head":"<!-- This site is optimized with the Yoast SEO Premium plugin v24.9 (Yoast SEO v27.5) - https:\/\/yoast.com\/product\/yoast-seo-premium-wordpress\/ -->\n<title>Lib\u00e9rer la flexibilit\u00e9\u00a0: conseils d\u2019\u00e9tirement essentiels pour que les personnes \u00e2g\u00e9es puissent adopter un vieillissement actif - Carefor<\/title>\n<meta name=\"robots\" content=\"index, follow, max-snippet:-1, max-image-preview:large, max-video-preview:-1\" \/>\n<link rel=\"canonical\" href=\"https:\/\/carefor.ca\/fr\/liberer-la-flexibilite-conseils-detirement-essentiels-pour-que-les-personnes-agees-puissent-adopter-un-vieillissement-actif\/\" \/>\n<meta property=\"og:locale\" content=\"fr_FR\" \/>\n<meta property=\"og:type\" content=\"article\" \/>\n<meta property=\"og:title\" content=\"Lib\u00e9rer la flexibilit\u00e9\u00a0: conseils d\u2019\u00e9tirement essentiels pour que les personnes \u00e2g\u00e9es puissent adopter un vieillissement actif\" \/>\n<meta property=\"og:description\" content=\"Alors que les seniors continuent d\u2019adopter un mode de vie actif et dynamique, l\u2019importance de la flexibilit\u00e9 et de la mobilit\u00e9 ne peut \u00eatre surestim\u00e9e. L&rsquo;int\u00e9gration d&rsquo;exercices d&rsquo;\u00e9tirement dans les [&hellip;]\" \/>\n<meta property=\"og:url\" content=\"https:\/\/carefor.ca\/fr\/liberer-la-flexibilite-conseils-detirement-essentiels-pour-que-les-personnes-agees-puissent-adopter-un-vieillissement-actif\/\" \/>\n<meta property=\"og:site_name\" content=\"Carefor\" \/>\n<meta property=\"article:publisher\" content=\"https:\/\/www.facebook.com\/CareforHCS\" \/>\n<meta property=\"article:published_time\" content=\"2024-05-13T18:31:19+00:00\" \/>\n<meta property=\"article:modified_time\" content=\"2024-06-07T16:25:37+00:00\" \/>\n<meta property=\"og:image\" content=\"https:\/\/carefor.ca\/wp-content\/uploads\/2023\/08\/2DSC_1801-scaled.jpg?_t=1717777538\" \/>\n\t<meta property=\"og:image:width\" content=\"2560\" \/>\n\t<meta property=\"og:image:height\" content=\"1735\" \/>\n\t<meta property=\"og:image:type\" content=\"image\/jpeg\" \/>\n<meta name=\"author\" content=\"Trevor Eggleton\" \/>\n<meta name=\"twitter:card\" content=\"summary_large_image\" \/>\n<meta name=\"twitter:creator\" content=\"@CareforHCS\" \/>\n<meta name=\"twitter:site\" content=\"@CareforHCS\" \/>\n<meta name=\"twitter:label1\" content=\"\u00c9crit par\" \/>\n\t<meta name=\"twitter:data1\" content=\"Trevor Eggleton\" \/>\n\t<meta name=\"twitter:label2\" content=\"Dur\u00e9e de lecture estim\u00e9e\" \/>\n\t<meta name=\"twitter:data2\" content=\"3 minutes\" \/>\n<script type=\"application\/ld+json\" class=\"yoast-schema-graph\">{\"@context\":\"https:\\\/\\\/schema.org\",\"@graph\":[{\"@type\":\"Article\",\"@id\":\"https:\\\/\\\/carefor.ca\\\/fr\\\/liberer-la-flexibilite-conseils-detirement-essentiels-pour-que-les-personnes-agees-puissent-adopter-un-vieillissement-actif\\\/#article\",\"isPartOf\":{\"@id\":\"https:\\\/\\\/carefor.ca\\\/fr\\\/liberer-la-flexibilite-conseils-detirement-essentiels-pour-que-les-personnes-agees-puissent-adopter-un-vieillissement-actif\\\/\"},\"author\":{\"name\":\"Trevor Eggleton\",\"@id\":\"https:\\\/\\\/carefor.ca\\\/fr\\\/#\\\/schema\\\/person\\\/f790698f7dd70a31fd15fe8174ff9395\"},\"headline\":\"Lib\u00e9rer la flexibilit\u00e9\u00a0: conseils d\u2019\u00e9tirement essentiels pour que les personnes \u00e2g\u00e9es puissent adopter un vieillissement actif\",\"datePublished\":\"2024-05-13T18:31:19+00:00\",\"dateModified\":\"2024-06-07T16:25:37+00:00\",\"mainEntityOfPage\":{\"@id\":\"https:\\\/\\\/carefor.ca\\\/fr\\\/liberer-la-flexibilite-conseils-detirement-essentiels-pour-que-les-personnes-agees-puissent-adopter-un-vieillissement-actif\\\/\"},\"wordCount\":709,\"publisher\":{\"@id\":\"https:\\\/\\\/carefor.ca\\\/fr\\\/#organization\"},\"image\":{\"@id\":\"https:\\\/\\\/carefor.ca\\\/fr\\\/liberer-la-flexibilite-conseils-detirement-essentiels-pour-que-les-personnes-agees-puissent-adopter-un-vieillissement-actif\\\/#primaryimage\"},\"thumbnailUrl\":\"https:\\\/\\\/carefor.ca\\\/wp-content\\\/uploads\\\/2023\\\/08\\\/2DSC_1801-scaled.jpg\",\"keywords\":[\"Active Aging\",\"Exercising\"],\"articleSection\":[\"Non classifi\u00e9(e)\"],\"inLanguage\":\"fr-FR\"},{\"@type\":\"WebPage\",\"@id\":\"https:\\\/\\\/carefor.ca\\\/fr\\\/liberer-la-flexibilite-conseils-detirement-essentiels-pour-que-les-personnes-agees-puissent-adopter-un-vieillissement-actif\\\/\",\"url\":\"https:\\\/\\\/carefor.ca\\\/fr\\\/liberer-la-flexibilite-conseils-detirement-essentiels-pour-que-les-personnes-agees-puissent-adopter-un-vieillissement-actif\\\/\",\"name\":\"Lib\u00e9rer la flexibilit\u00e9\u00a0: conseils d\u2019\u00e9tirement essentiels pour que les personnes \u00e2g\u00e9es puissent adopter un vieillissement actif - Carefor\",\"isPartOf\":{\"@id\":\"https:\\\/\\\/carefor.ca\\\/fr\\\/#website\"},\"primaryImageOfPage\":{\"@id\":\"https:\\\/\\\/carefor.ca\\\/fr\\\/liberer-la-flexibilite-conseils-detirement-essentiels-pour-que-les-personnes-agees-puissent-adopter-un-vieillissement-actif\\\/#primaryimage\"},\"image\":{\"@id\":\"https:\\\/\\\/carefor.ca\\\/fr\\\/liberer-la-flexibilite-conseils-detirement-essentiels-pour-que-les-personnes-agees-puissent-adopter-un-vieillissement-actif\\\/#primaryimage\"},\"thumbnailUrl\":\"https:\\\/\\\/carefor.ca\\\/wp-content\\\/uploads\\\/2023\\\/08\\\/2DSC_1801-scaled.jpg\",\"datePublished\":\"2024-05-13T18:31:19+00:00\",\"dateModified\":\"2024-06-07T16:25:37+00:00\",\"breadcrumb\":{\"@id\":\"https:\\\/\\\/carefor.ca\\\/fr\\\/liberer-la-flexibilite-conseils-detirement-essentiels-pour-que-les-personnes-agees-puissent-adopter-un-vieillissement-actif\\\/#breadcrumb\"},\"inLanguage\":\"fr-FR\",\"potentialAction\":[{\"@type\":\"ReadAction\",\"target\":[\"https:\\\/\\\/carefor.ca\\\/fr\\\/liberer-la-flexibilite-conseils-detirement-essentiels-pour-que-les-personnes-agees-puissent-adopter-un-vieillissement-actif\\\/\"]}]},{\"@type\":\"ImageObject\",\"inLanguage\":\"fr-FR\",\"@id\":\"https:\\\/\\\/carefor.ca\\\/fr\\\/liberer-la-flexibilite-conseils-detirement-essentiels-pour-que-les-personnes-agees-puissent-adopter-un-vieillissement-actif\\\/#primaryimage\",\"url\":\"https:\\\/\\\/carefor.ca\\\/wp-content\\\/uploads\\\/2023\\\/08\\\/2DSC_1801-scaled.jpg\",\"contentUrl\":\"https:\\\/\\\/carefor.ca\\\/wp-content\\\/uploads\\\/2023\\\/08\\\/2DSC_1801-scaled.jpg\",\"width\":2560,\"height\":1735,\"caption\":\"Two older women stretching their arms while standing on yoga mats.\"},{\"@type\":\"BreadcrumbList\",\"@id\":\"https:\\\/\\\/carefor.ca\\\/fr\\\/liberer-la-flexibilite-conseils-detirement-essentiels-pour-que-les-personnes-agees-puissent-adopter-un-vieillissement-actif\\\/#breadcrumb\",\"itemListElement\":[{\"@type\":\"ListItem\",\"position\":1,\"name\":\"Home\",\"item\":\"https:\\\/\\\/carefor.ca\\\/fr\\\/\"},{\"@type\":\"ListItem\",\"position\":2,\"name\":\"Lib\u00e9rer la flexibilit\u00e9\u00a0: conseils d\u2019\u00e9tirement essentiels pour que les personnes \u00e2g\u00e9es puissent adopter un vieillissement actif\"}]},{\"@type\":\"WebSite\",\"@id\":\"https:\\\/\\\/carefor.ca\\\/fr\\\/#website\",\"url\":\"https:\\\/\\\/carefor.ca\\\/fr\\\/\",\"name\":\"Carefor\",\"description\":\"High Quality Homecare\",\"publisher\":{\"@id\":\"https:\\\/\\\/carefor.ca\\\/fr\\\/#organization\"},\"potentialAction\":[{\"@type\":\"SearchAction\",\"target\":{\"@type\":\"EntryPoint\",\"urlTemplate\":\"https:\\\/\\\/carefor.ca\\\/fr\\\/?s={search_term_string}\"},\"query-input\":{\"@type\":\"PropertyValueSpecification\",\"valueRequired\":true,\"valueName\":\"search_term_string\"}}],\"inLanguage\":\"fr-FR\"},{\"@type\":\"Organization\",\"@id\":\"https:\\\/\\\/carefor.ca\\\/fr\\\/#organization\",\"name\":\"Carefor Health and Community Services\",\"url\":\"https:\\\/\\\/carefor.ca\\\/fr\\\/\",\"logo\":{\"@type\":\"ImageObject\",\"inLanguage\":\"fr-FR\",\"@id\":\"https:\\\/\\\/carefor.ca\\\/fr\\\/#\\\/schema\\\/logo\\\/image\\\/\",\"url\":\"\",\"contentUrl\":\"\",\"caption\":\"Carefor Health and Community Services\"},\"image\":{\"@id\":\"https:\\\/\\\/carefor.ca\\\/fr\\\/#\\\/schema\\\/logo\\\/image\\\/\"},\"sameAs\":[\"https:\\\/\\\/www.facebook.com\\\/CareforHCS\",\"https:\\\/\\\/x.com\\\/CareforHCS\",\"https:\\\/\\\/www.linkedin.com\\\/company\\\/carefor-health-and-community-services\\\/\"],\"description\":\"205 Amelia Street, Suite 100 Cornwall, ON K6H 3P3\",\"email\":\"infoeasterncounties@carefor.ca\",\"telephone\":\"613-932-3451\"},{\"@type\":\"Person\",\"@id\":\"https:\\\/\\\/carefor.ca\\\/fr\\\/#\\\/schema\\\/person\\\/f790698f7dd70a31fd15fe8174ff9395\",\"name\":\"Trevor Eggleton\",\"image\":{\"@type\":\"ImageObject\",\"inLanguage\":\"fr-FR\",\"@id\":\"https:\\\/\\\/secure.gravatar.com\\\/avatar\\\/a542881c2336d68c9b174089701ad80cbb6c772cf1cff77588e4b51f0f14fed2?s=96&d=mm&r=g\",\"url\":\"https:\\\/\\\/secure.gravatar.com\\\/avatar\\\/a542881c2336d68c9b174089701ad80cbb6c772cf1cff77588e4b51f0f14fed2?s=96&d=mm&r=g\",\"contentUrl\":\"https:\\\/\\\/secure.gravatar.com\\\/avatar\\\/a542881c2336d68c9b174089701ad80cbb6c772cf1cff77588e4b51f0f14fed2?s=96&d=mm&r=g\",\"caption\":\"Trevor Eggleton\"},\"url\":\"https:\\\/\\\/carefor.ca\\\/fr\\\/author\\\/teggleton\\\/\"}]}<\/script>\n<!-- \/ Yoast SEO Premium plugin. -->","yoast_head_json":{"title":"Lib\u00e9rer la flexibilit\u00e9\u00a0: conseils d\u2019\u00e9tirement essentiels pour que les personnes \u00e2g\u00e9es puissent adopter un vieillissement actif - Carefor","robots":{"index":"index","follow":"follow","max-snippet":"max-snippet:-1","max-image-preview":"max-image-preview:large","max-video-preview":"max-video-preview:-1"},"canonical":"https:\/\/carefor.ca\/fr\/liberer-la-flexibilite-conseils-detirement-essentiels-pour-que-les-personnes-agees-puissent-adopter-un-vieillissement-actif\/","og_locale":"fr_FR","og_type":"article","og_title":"Lib\u00e9rer la flexibilit\u00e9\u00a0: conseils d\u2019\u00e9tirement essentiels pour que les personnes \u00e2g\u00e9es puissent adopter un vieillissement actif","og_description":"Alors que les seniors continuent d\u2019adopter un mode de vie actif et dynamique, l\u2019importance de la flexibilit\u00e9 et de la mobilit\u00e9 ne peut \u00eatre surestim\u00e9e. L&rsquo;int\u00e9gration d&rsquo;exercices d&rsquo;\u00e9tirement dans les [&hellip;]","og_url":"https:\/\/carefor.ca\/fr\/liberer-la-flexibilite-conseils-detirement-essentiels-pour-que-les-personnes-agees-puissent-adopter-un-vieillissement-actif\/","og_site_name":"Carefor","article_publisher":"https:\/\/www.facebook.com\/CareforHCS","article_published_time":"2024-05-13T18:31:19+00:00","article_modified_time":"2024-06-07T16:25:37+00:00","og_image":[{"width":2560,"height":1735,"url":"https:\/\/carefor.ca\/wp-content\/uploads\/2023\/08\/2DSC_1801-scaled.jpg?_t=1717777538","type":"image\/jpeg"}],"author":"Trevor Eggleton","twitter_card":"summary_large_image","twitter_creator":"@CareforHCS","twitter_site":"@CareforHCS","twitter_misc":{"\u00c9crit par":"Trevor Eggleton","Dur\u00e9e de lecture estim\u00e9e":"3 minutes"},"schema":{"@context":"https:\/\/schema.org","@graph":[{"@type":"Article","@id":"https:\/\/carefor.ca\/fr\/liberer-la-flexibilite-conseils-detirement-essentiels-pour-que-les-personnes-agees-puissent-adopter-un-vieillissement-actif\/#article","isPartOf":{"@id":"https:\/\/carefor.ca\/fr\/liberer-la-flexibilite-conseils-detirement-essentiels-pour-que-les-personnes-agees-puissent-adopter-un-vieillissement-actif\/"},"author":{"name":"Trevor Eggleton","@id":"https:\/\/carefor.ca\/fr\/#\/schema\/person\/f790698f7dd70a31fd15fe8174ff9395"},"headline":"Lib\u00e9rer la flexibilit\u00e9\u00a0: conseils d\u2019\u00e9tirement essentiels pour que les personnes \u00e2g\u00e9es puissent adopter un vieillissement actif","datePublished":"2024-05-13T18:31:19+00:00","dateModified":"2024-06-07T16:25:37+00:00","mainEntityOfPage":{"@id":"https:\/\/carefor.ca\/fr\/liberer-la-flexibilite-conseils-detirement-essentiels-pour-que-les-personnes-agees-puissent-adopter-un-vieillissement-actif\/"},"wordCount":709,"publisher":{"@id":"https:\/\/carefor.ca\/fr\/#organization"},"image":{"@id":"https:\/\/carefor.ca\/fr\/liberer-la-flexibilite-conseils-detirement-essentiels-pour-que-les-personnes-agees-puissent-adopter-un-vieillissement-actif\/#primaryimage"},"thumbnailUrl":"https:\/\/carefor.ca\/wp-content\/uploads\/2023\/08\/2DSC_1801-scaled.jpg","keywords":["Active Aging","Exercising"],"articleSection":["Non classifi\u00e9(e)"],"inLanguage":"fr-FR"},{"@type":"WebPage","@id":"https:\/\/carefor.ca\/fr\/liberer-la-flexibilite-conseils-detirement-essentiels-pour-que-les-personnes-agees-puissent-adopter-un-vieillissement-actif\/","url":"https:\/\/carefor.ca\/fr\/liberer-la-flexibilite-conseils-detirement-essentiels-pour-que-les-personnes-agees-puissent-adopter-un-vieillissement-actif\/","name":"Lib\u00e9rer la flexibilit\u00e9\u00a0: conseils d\u2019\u00e9tirement essentiels pour que les personnes \u00e2g\u00e9es puissent adopter un vieillissement actif - Carefor","isPartOf":{"@id":"https:\/\/carefor.ca\/fr\/#website"},"primaryImageOfPage":{"@id":"https:\/\/carefor.ca\/fr\/liberer-la-flexibilite-conseils-detirement-essentiels-pour-que-les-personnes-agees-puissent-adopter-un-vieillissement-actif\/#primaryimage"},"image":{"@id":"https:\/\/carefor.ca\/fr\/liberer-la-flexibilite-conseils-detirement-essentiels-pour-que-les-personnes-agees-puissent-adopter-un-vieillissement-actif\/#primaryimage"},"thumbnailUrl":"https:\/\/carefor.ca\/wp-content\/uploads\/2023\/08\/2DSC_1801-scaled.jpg","datePublished":"2024-05-13T18:31:19+00:00","dateModified":"2024-06-07T16:25:37+00:00","breadcrumb":{"@id":"https:\/\/carefor.ca\/fr\/liberer-la-flexibilite-conseils-detirement-essentiels-pour-que-les-personnes-agees-puissent-adopter-un-vieillissement-actif\/#breadcrumb"},"inLanguage":"fr-FR","potentialAction":[{"@type":"ReadAction","target":["https:\/\/carefor.ca\/fr\/liberer-la-flexibilite-conseils-detirement-essentiels-pour-que-les-personnes-agees-puissent-adopter-un-vieillissement-actif\/"]}]},{"@type":"ImageObject","inLanguage":"fr-FR","@id":"https:\/\/carefor.ca\/fr\/liberer-la-flexibilite-conseils-detirement-essentiels-pour-que-les-personnes-agees-puissent-adopter-un-vieillissement-actif\/#primaryimage","url":"https:\/\/carefor.ca\/wp-content\/uploads\/2023\/08\/2DSC_1801-scaled.jpg","contentUrl":"https:\/\/carefor.ca\/wp-content\/uploads\/2023\/08\/2DSC_1801-scaled.jpg","width":2560,"height":1735,"caption":"Two older women stretching their arms while standing on yoga mats."},{"@type":"BreadcrumbList","@id":"https:\/\/carefor.ca\/fr\/liberer-la-flexibilite-conseils-detirement-essentiels-pour-que-les-personnes-agees-puissent-adopter-un-vieillissement-actif\/#breadcrumb","itemListElement":[{"@type":"ListItem","position":1,"name":"Home","item":"https:\/\/carefor.ca\/fr\/"},{"@type":"ListItem","position":2,"name":"Lib\u00e9rer la flexibilit\u00e9\u00a0: conseils d\u2019\u00e9tirement essentiels pour que les personnes \u00e2g\u00e9es puissent adopter un vieillissement actif"}]},{"@type":"WebSite","@id":"https:\/\/carefor.ca\/fr\/#website","url":"https:\/\/carefor.ca\/fr\/","name":"Carefor","description":"High Quality Homecare","publisher":{"@id":"https:\/\/carefor.ca\/fr\/#organization"},"potentialAction":[{"@type":"SearchAction","target":{"@type":"EntryPoint","urlTemplate":"https:\/\/carefor.ca\/fr\/?s={search_term_string}"},"query-input":{"@type":"PropertyValueSpecification","valueRequired":true,"valueName":"search_term_string"}}],"inLanguage":"fr-FR"},{"@type":"Organization","@id":"https:\/\/carefor.ca\/fr\/#organization","name":"Carefor Health and Community Services","url":"https:\/\/carefor.ca\/fr\/","logo":{"@type":"ImageObject","inLanguage":"fr-FR","@id":"https:\/\/carefor.ca\/fr\/#\/schema\/logo\/image\/","url":"","contentUrl":"","caption":"Carefor Health and Community Services"},"image":{"@id":"https:\/\/carefor.ca\/fr\/#\/schema\/logo\/image\/"},"sameAs":["https:\/\/www.facebook.com\/CareforHCS","https:\/\/x.com\/CareforHCS","https:\/\/www.linkedin.com\/company\/carefor-health-and-community-services\/"],"description":"205 Amelia Street, Suite 100 Cornwall, ON K6H 3P3","email":"infoeasterncounties@carefor.ca","telephone":"613-932-3451"},{"@type":"Person","@id":"https:\/\/carefor.ca\/fr\/#\/schema\/person\/f790698f7dd70a31fd15fe8174ff9395","name":"Trevor Eggleton","image":{"@type":"ImageObject","inLanguage":"fr-FR","@id":"https:\/\/secure.gravatar.com\/avatar\/a542881c2336d68c9b174089701ad80cbb6c772cf1cff77588e4b51f0f14fed2?s=96&d=mm&r=g","url":"https:\/\/secure.gravatar.com\/avatar\/a542881c2336d68c9b174089701ad80cbb6c772cf1cff77588e4b51f0f14fed2?s=96&d=mm&r=g","contentUrl":"https:\/\/secure.gravatar.com\/avatar\/a542881c2336d68c9b174089701ad80cbb6c772cf1cff77588e4b51f0f14fed2?s=96&d=mm&r=g","caption":"Trevor Eggleton"},"url":"https:\/\/carefor.ca\/fr\/author\/teggleton\/"}]}},"url":"https:\/\/carefor.ca\/fr\/liberer-la-flexibilite-conseils-detirement-essentiels-pour-que-les-personnes-agees-puissent-adopter-un-vieillissement-actif\/","url_target":null,"link_text":"En Savoir Plus","image":"<img width=\"768\" height=\"521\" src=\"https:\/\/carefor.ca\/wp-content\/uploads\/2023\/08\/2DSC_1801-768x521.jpg\" class=\"attachment-box-image size-box-image wp-post-image\" alt=\"Two older women stretching their arms while standing on yoga mats.\" decoding=\"async\" loading=\"lazy\" srcset=\"https:\/\/carefor.ca\/wp-content\/uploads\/2023\/08\/2DSC_1801-768x521.jpg 768w, https:\/\/carefor.ca\/wp-content\/uploads\/2023\/08\/2DSC_1801-300x203.jpg 300w, https:\/\/carefor.ca\/wp-content\/uploads\/2023\/08\/2DSC_1801-1024x694.jpg 1024w, https:\/\/carefor.ca\/wp-content\/uploads\/2023\/08\/2DSC_1801-1536x1041.jpg 1536w, https:\/\/carefor.ca\/wp-content\/uploads\/2023\/08\/2DSC_1801-2048x1388.jpg 2048w, https:\/\/carefor.ca\/wp-content\/uploads\/2023\/08\/2DSC_1801-2000x1355.jpg 2000w, https:\/\/carefor.ca\/wp-content\/uploads\/2023\/08\/2DSC_1801-400x271.jpg 400w\" sizes=\"auto, (max-width: 768px) 100vw, 768px\" \/>","_links":{"self":[{"href":"https:\/\/carefor.ca\/fr\/wp-json\/wp\/v2\/posts\/7673","targetHints":{"allow":["GET"]}}],"collection":[{"href":"https:\/\/carefor.ca\/fr\/wp-json\/wp\/v2\/posts"}],"about":[{"href":"https:\/\/carefor.ca\/fr\/wp-json\/wp\/v2\/types\/post"}],"author":[{"embeddable":true,"href":"https:\/\/carefor.ca\/fr\/wp-json\/wp\/v2\/users\/13"}],"replies":[{"embeddable":true,"href":"https:\/\/carefor.ca\/fr\/wp-json\/wp\/v2\/comments?post=7673"}],"version-history":[{"count":1,"href":"https:\/\/carefor.ca\/fr\/wp-json\/wp\/v2\/posts\/7673\/revisions"}],"predecessor-version":[{"id":7675,"href":"https:\/\/carefor.ca\/fr\/wp-json\/wp\/v2\/posts\/7673\/revisions\/7675"}],"wp:featuredmedia":[{"embeddable":true,"href":"https:\/\/carefor.ca\/fr\/wp-json\/wp\/v2\/media\/5249"}],"wp:attachment":[{"href":"https:\/\/carefor.ca\/fr\/wp-json\/wp\/v2\/media?parent=7673"}],"wp:term":[{"taxonomy":"category","embeddable":true,"href":"https:\/\/carefor.ca\/fr\/wp-json\/wp\/v2\/categories?post=7673"},{"taxonomy":"post_tag","embeddable":true,"href":"https:\/\/carefor.ca\/fr\/wp-json\/wp\/v2\/tags?post=7673"}],"curies":[{"name":"wp","href":"https:\/\/api.w.org\/{rel}","templated":true}]}}