{"id":5982,"date":"2023-04-13T00:00:00","date_gmt":"2023-04-13T04:00:00","guid":{"rendered":"https:\/\/carefor.ca\/volunteering-a-productive-positive-pastime-for-seniors\/"},"modified":"2024-02-09T11:33:12","modified_gmt":"2024-02-09T16:33:12","slug":"le-benevolat-un-passe-temps-productif-et-positif-pour-les-personnes-agees","status":"publish","type":"post","link":"https:\/\/carefor.ca\/fr\/le-benevolat-un-passe-temps-productif-et-positif-pour-les-personnes-agees\/","title":{"rendered":"Le b\u00e9n\u00e9volat\u00a0: un passe-temps productif et positif pour les personnes \u00e2g\u00e9es"},"content":{"rendered":"<p>Le b\u00e9n\u00e9volat est une activit\u00e9 courante \u00e0 laquelle les a\u00een\u00e9s participeront \u00e0 mesure qu&rsquo;ils gagneront plus de temps libre apr\u00e8s la retraite. Le b\u00e9n\u00e9volat a le potentiel d&rsquo;am\u00e9liorer la sant\u00e9, les relations et les comp\u00e9tences. Cela est particuli\u00e8rement vrai pour les a\u00een\u00e9s qui se tournent vers le b\u00e9n\u00e9volat comme un passe-temps productif et positif. Les a\u00een\u00e9s peuvent tirer plusieurs avantages du b\u00e9n\u00e9volat au sein de la collectivit\u00e9.<\/p>\n<p><strong>5 Avantages du b\u00e9n\u00e9volat pour les a\u00een\u00e9s&#8230;<\/strong><\/p>\n<ol>\n<li><strong>Le b\u00e9n\u00e9volat pr\u00e9vient l&rsquo;isolement et la solitude&#8230; <\/strong>Un manque d&rsquo;interaction sociale peut nuire \u00e0 une bonne sant\u00e9, mettant les adultes \u00e0 risque d&rsquo;hypertension art\u00e9rielle, un syst\u00e8me immunitaire affaibli, l&rsquo;ob\u00e9sit\u00e9 et le d\u00e9clin cognitif. En sortant et en s&rsquo;engageant dans la communaut\u00e9, les a\u00een\u00e9s peuvent r\u00e9duire la probabilit\u00e9 de probl\u00e8mes de sant\u00e9 qui d\u00e9coulent de la solitude et de l&rsquo;isolement.<\/li>\n<li><strong>Augmente l&rsquo;activit\u00e9 physique&#8230; <\/strong>Le maintien de la condition physique est un aspect important de rester en bonne sant\u00e9 et ind\u00e9pendant \u00e0 mesure que les individus vieillissent. Le b\u00e9n\u00e9volat cr\u00e9e l&rsquo;occasion de continuer \u00e0 bouger, qu&rsquo;il s&rsquo;agisse de servir des repas, de fournir un transport ou d&rsquo;offrir de la compagnie \u00e0 quelqu&rsquo;un qui en a besoin.<\/li>\n<li><strong>Comble le foss\u00e9 entre les g\u00e9n\u00e9rations&#8230; <\/strong>Le b\u00e9n\u00e9volat dans la collectivit\u00e9 peut donner aux a\u00een\u00e9s l&rsquo;occasion d&rsquo;interagir avec les jeunes g\u00e9n\u00e9rations et, \u00e0 leur tour, de partager d&rsquo;importantes le\u00e7ons de vie. D&rsquo;un autre c\u00f4t\u00e9, les a\u00een\u00e9s peuvent profiter de nouvelles perspectives et de l&rsquo;\u00e9nergie qu&rsquo;offrent les jeunes g\u00e9n\u00e9rations.<\/li>\n<li><strong>Favorise un sentiment de but&#8230; <\/strong>Souvent, \u00e0 mesure que les personnes vieillissent et font la transition vers la vie \u00e0 la retraite, elles peuvent avoir l&rsquo;impression qu&rsquo;elles manquent d&rsquo;\u00e9panouissement. Le b\u00e9n\u00e9volat offre un moyen de retrouver le sentiment de but. Il cr\u00e9e un objectif \u00e0 atteindre et peut encourager une r\u00e9surgence de l&rsquo;excitation pour la vie.<\/li>\n<li><strong>D\u00e9velopper de nouvelles comp\u00e9tences&#8230;<\/strong> Dans les stades plus avanc\u00e9s de la vie, il est courant de demeurer dans sa zone de confort. Cela peut conduire \u00e0 se sentir coinc\u00e9 et ennuy\u00e9, ce qui peut conduire \u00e0 un d\u00e9clin cognitif. Le b\u00e9n\u00e9volat ouvre la porte \u00e0 essayer de nouvelles choses et de nouvelles fa\u00e7ons de penser, et expose potentiellement les individus \u00e0 de nouvelles passions qu&rsquo;ils ne savaient m\u00eame pas qu&rsquo;ils avaient<\/li>\n<\/ol>\n<p><strong>Opportunit\u00e9s de b\u00e9n\u00e9volat chez Carefor&#8230;<\/strong><\/p>\n<p>Carefor a grandement b\u00e9n\u00e9fici\u00e9 au fil des ans du soutien et de la passion de nos b\u00e9n\u00e9voles. Il existe de nombreuses opportunit\u00e9s chez Carefor pour vous et \/ ou un ami. Vous trouverez plus d&rsquo;informations sur les programmes n\u00e9cessitant des b\u00e9n\u00e9voles sous l&rsquo;onglet services de notre site Web. Ou pour plus d&rsquo;informations, envoyez un courriel \u00e0 Beth Monaco \u00e0 BMonaco@carefor.ca. Voici quelques-unes de nos possibilit\u00e9s dans la r\u00e9gion d&rsquo;Ottawa.<\/p>\n<p><strong>Ottawa (En Outaouais)<\/strong><\/p>\n<ul>\n<li>Maison de soins de Richmond<\/li>\n<li>Programmes de jour pour adultes (Carling ADP, Vince Malette Functional Fitness, PWR\u00a0! D\u00e9m\u00e9nagements, etc.)<\/li>\n<\/ul>\n<p><strong>Comt\u00e9 de Pembrooke \/ Renfrew<\/strong><\/p>\n<ul>\n<li>Conducteur \u2013 Transport m\u00e9dical non urgent<\/li>\n<li>Visites amicales \u2013 En personne ou virtuelles<\/li>\n<li>B\u00e9n\u00e9voles pour les \u00e9v\u00e9nements sp\u00e9ciaux<\/li>\n<li>B\u00e9n\u00e9voles en loisirs (Civic et Mackay)<\/li>\n<li>Visites palliatives dans la communaut\u00e9<\/li>\n<li>B\u00e9n\u00e9voles de comp\u00e9tences sp\u00e9ciales (musiciens, artisans, chanteurs)<\/li>\n<\/ul>\n","protected":false},"excerpt":{"rendered":"<p>Le b\u00e9n\u00e9volat est une activit\u00e9 courante \u00e0 laquelle les a\u00een\u00e9s participeront \u00e0 mesure qu&rsquo;ils gagneront plus de temps libre apr\u00e8s la retraite. Le b\u00e9n\u00e9volat a le potentiel d&rsquo;am\u00e9liorer la sant\u00e9, [&hellip;]<\/p>\n","protected":false},"author":1,"featured_media":5190,"comment_status":"closed","ping_status":"closed","sticky":false,"template":"","format":"standard","meta":{"_acf_changed":false,"_relevanssi_hide_post":"","_relevanssi_hide_content":"","_relevanssi_pin_for_all":"","_relevanssi_pin_keywords":"","_relevanssi_unpin_keywords":"","_relevanssi_related_keywords":"","_relevanssi_related_include_ids":"","_relevanssi_related_exclude_ids":"","_relevanssi_related_no_append":"","_relevanssi_related_not_related":"","_relevanssi_related_posts":"1272,1285,1287,1324,1284,1288","_relevanssi_noindex_reason":"","footnotes":""},"categories":[47],"tags":[73],"class_list":["post-5982","post","type-post","status-publish","format-standard","has-post-thumbnail","hentry","category-non-classifiee","tag-healthy-aging-fr"],"acf":[],"yoast_head":"<!-- This site is optimized with the Yoast SEO Premium plugin v24.9 (Yoast SEO v27.4) - https:\/\/yoast.com\/product\/yoast-seo-premium-wordpress\/ -->\n<title>Le b\u00e9n\u00e9volat\u00a0: un passe-temps productif et positif pour les personnes \u00e2g\u00e9es - Carefor<\/title>\n<meta name=\"robots\" content=\"index, follow, max-snippet:-1, max-image-preview:large, max-video-preview:-1\" \/>\n<link rel=\"canonical\" href=\"https:\/\/carefor.ca\/fr\/le-benevolat-un-passe-temps-productif-et-positif-pour-les-personnes-agees\/\" \/>\n<meta property=\"og:locale\" content=\"fr_FR\" \/>\n<meta property=\"og:type\" content=\"article\" \/>\n<meta property=\"og:title\" content=\"Le b\u00e9n\u00e9volat\u00a0: un passe-temps productif et positif pour les personnes \u00e2g\u00e9es\" \/>\n<meta property=\"og:description\" content=\"Le b\u00e9n\u00e9volat est une activit\u00e9 courante \u00e0 laquelle les a\u00een\u00e9s participeront \u00e0 mesure qu&rsquo;ils gagneront plus de temps libre apr\u00e8s la retraite. Le b\u00e9n\u00e9volat a le potentiel d&rsquo;am\u00e9liorer la sant\u00e9, [&hellip;]\" \/>\n<meta property=\"og:url\" content=\"https:\/\/carefor.ca\/fr\/le-benevolat-un-passe-temps-productif-et-positif-pour-les-personnes-agees\/\" \/>\n<meta property=\"og:site_name\" content=\"Carefor\" \/>\n<meta property=\"article:publisher\" content=\"https:\/\/www.facebook.com\/CareforHCS\" \/>\n<meta property=\"article:published_time\" content=\"2023-04-13T04:00:00+00:00\" \/>\n<meta property=\"article:modified_time\" content=\"2024-02-09T16:33:12+00:00\" \/>\n<meta property=\"og:image\" content=\"https:\/\/carefor.ca\/wp-content\/uploads\/2023\/06\/Carefor_s-Guest-House-6-scaled.jpg?_t=1733785180\" \/>\n\t<meta property=\"og:image:width\" content=\"2560\" \/>\n\t<meta property=\"og:image:height\" content=\"1707\" \/>\n\t<meta property=\"og:image:type\" content=\"image\/jpeg\" \/>\n<meta name=\"author\" content=\"etsadmin\" \/>\n<meta name=\"twitter:card\" content=\"summary_large_image\" \/>\n<meta name=\"twitter:creator\" content=\"@CareforHCS\" \/>\n<meta name=\"twitter:site\" content=\"@CareforHCS\" \/>\n<meta name=\"twitter:label1\" content=\"\u00c9crit par\" \/>\n\t<meta name=\"twitter:data1\" content=\"etsadmin\" \/>\n\t<meta name=\"twitter:label2\" content=\"Dur\u00e9e de lecture estim\u00e9e\" \/>\n\t<meta name=\"twitter:data2\" content=\"3 minutes\" \/>\n<script type=\"application\/ld+json\" class=\"yoast-schema-graph\">{\"@context\":\"https:\\\/\\\/schema.org\",\"@graph\":[{\"@type\":\"Article\",\"@id\":\"https:\\\/\\\/carefor.ca\\\/fr\\\/le-benevolat-un-passe-temps-productif-et-positif-pour-les-personnes-agees\\\/#article\",\"isPartOf\":{\"@id\":\"https:\\\/\\\/carefor.ca\\\/fr\\\/le-benevolat-un-passe-temps-productif-et-positif-pour-les-personnes-agees\\\/\"},\"author\":{\"name\":\"etsadmin\",\"@id\":\"https:\\\/\\\/carefor.ca\\\/fr\\\/#\\\/schema\\\/person\\\/199810fb17667cd6da84c22378b3c1ae\"},\"headline\":\"Le b\u00e9n\u00e9volat\u00a0: un passe-temps productif et positif pour les personnes \u00e2g\u00e9es\",\"datePublished\":\"2023-04-13T04:00:00+00:00\",\"dateModified\":\"2024-02-09T16:33:12+00:00\",\"mainEntityOfPage\":{\"@id\":\"https:\\\/\\\/carefor.ca\\\/fr\\\/le-benevolat-un-passe-temps-productif-et-positif-pour-les-personnes-agees\\\/\"},\"wordCount\":586,\"publisher\":{\"@id\":\"https:\\\/\\\/carefor.ca\\\/fr\\\/#organization\"},\"image\":{\"@id\":\"https:\\\/\\\/carefor.ca\\\/fr\\\/le-benevolat-un-passe-temps-productif-et-positif-pour-les-personnes-agees\\\/#primaryimage\"},\"thumbnailUrl\":\"https:\\\/\\\/carefor.ca\\\/wp-content\\\/uploads\\\/2023\\\/06\\\/Carefor_s-Guest-House-6-scaled.jpg\",\"keywords\":[\"Healthy Aging\"],\"articleSection\":[\"Non classifi\u00e9(e)\"],\"inLanguage\":\"fr-FR\"},{\"@type\":\"WebPage\",\"@id\":\"https:\\\/\\\/carefor.ca\\\/fr\\\/le-benevolat-un-passe-temps-productif-et-positif-pour-les-personnes-agees\\\/\",\"url\":\"https:\\\/\\\/carefor.ca\\\/fr\\\/le-benevolat-un-passe-temps-productif-et-positif-pour-les-personnes-agees\\\/\",\"name\":\"Le b\u00e9n\u00e9volat\u00a0: un passe-temps productif et positif pour les personnes \u00e2g\u00e9es - Carefor\",\"isPartOf\":{\"@id\":\"https:\\\/\\\/carefor.ca\\\/fr\\\/#website\"},\"primaryImageOfPage\":{\"@id\":\"https:\\\/\\\/carefor.ca\\\/fr\\\/le-benevolat-un-passe-temps-productif-et-positif-pour-les-personnes-agees\\\/#primaryimage\"},\"image\":{\"@id\":\"https:\\\/\\\/carefor.ca\\\/fr\\\/le-benevolat-un-passe-temps-productif-et-positif-pour-les-personnes-agees\\\/#primaryimage\"},\"thumbnailUrl\":\"https:\\\/\\\/carefor.ca\\\/wp-content\\\/uploads\\\/2023\\\/06\\\/Carefor_s-Guest-House-6-scaled.jpg\",\"datePublished\":\"2023-04-13T04:00:00+00:00\",\"dateModified\":\"2024-02-09T16:33:12+00:00\",\"breadcrumb\":{\"@id\":\"https:\\\/\\\/carefor.ca\\\/fr\\\/le-benevolat-un-passe-temps-productif-et-positif-pour-les-personnes-agees\\\/#breadcrumb\"},\"inLanguage\":\"fr-FR\",\"potentialAction\":[{\"@type\":\"ReadAction\",\"target\":[\"https:\\\/\\\/carefor.ca\\\/fr\\\/le-benevolat-un-passe-temps-productif-et-positif-pour-les-personnes-agees\\\/\"]}]},{\"@type\":\"ImageObject\",\"inLanguage\":\"fr-FR\",\"@id\":\"https:\\\/\\\/carefor.ca\\\/fr\\\/le-benevolat-un-passe-temps-productif-et-positif-pour-les-personnes-agees\\\/#primaryimage\",\"url\":\"https:\\\/\\\/carefor.ca\\\/wp-content\\\/uploads\\\/2023\\\/06\\\/Carefor_s-Guest-House-6-scaled.jpg\",\"contentUrl\":\"https:\\\/\\\/carefor.ca\\\/wp-content\\\/uploads\\\/2023\\\/06\\\/Carefor_s-Guest-House-6-scaled.jpg\",\"width\":2560,\"height\":1707,\"caption\":\"A Carefor team member sitting with an elderly woman on a couch. The team member is pulling the elderly woman into a hug.\"},{\"@type\":\"BreadcrumbList\",\"@id\":\"https:\\\/\\\/carefor.ca\\\/fr\\\/le-benevolat-un-passe-temps-productif-et-positif-pour-les-personnes-agees\\\/#breadcrumb\",\"itemListElement\":[{\"@type\":\"ListItem\",\"position\":1,\"name\":\"Home\",\"item\":\"https:\\\/\\\/carefor.ca\\\/fr\\\/\"},{\"@type\":\"ListItem\",\"position\":2,\"name\":\"Le b\u00e9n\u00e9volat\u00a0: un passe-temps productif et positif pour les personnes \u00e2g\u00e9es\"}]},{\"@type\":\"WebSite\",\"@id\":\"https:\\\/\\\/carefor.ca\\\/fr\\\/#website\",\"url\":\"https:\\\/\\\/carefor.ca\\\/fr\\\/\",\"name\":\"Carefor\",\"description\":\"High Quality Homecare\",\"publisher\":{\"@id\":\"https:\\\/\\\/carefor.ca\\\/fr\\\/#organization\"},\"potentialAction\":[{\"@type\":\"SearchAction\",\"target\":{\"@type\":\"EntryPoint\",\"urlTemplate\":\"https:\\\/\\\/carefor.ca\\\/fr\\\/?s={search_term_string}\"},\"query-input\":{\"@type\":\"PropertyValueSpecification\",\"valueRequired\":true,\"valueName\":\"search_term_string\"}}],\"inLanguage\":\"fr-FR\"},{\"@type\":\"Organization\",\"@id\":\"https:\\\/\\\/carefor.ca\\\/fr\\\/#organization\",\"name\":\"Carefor Health and Community Services\",\"url\":\"https:\\\/\\\/carefor.ca\\\/fr\\\/\",\"logo\":{\"@type\":\"ImageObject\",\"inLanguage\":\"fr-FR\",\"@id\":\"https:\\\/\\\/carefor.ca\\\/fr\\\/#\\\/schema\\\/logo\\\/image\\\/\",\"url\":\"\",\"contentUrl\":\"\",\"caption\":\"Carefor Health and Community Services\"},\"image\":{\"@id\":\"https:\\\/\\\/carefor.ca\\\/fr\\\/#\\\/schema\\\/logo\\\/image\\\/\"},\"sameAs\":[\"https:\\\/\\\/www.facebook.com\\\/CareforHCS\",\"https:\\\/\\\/x.com\\\/CareforHCS\",\"https:\\\/\\\/www.linkedin.com\\\/company\\\/carefor-health-and-community-services\\\/\"],\"description\":\"205 Amelia Street, Suite 100 Cornwall, ON K6H 3P3\",\"email\":\"infoeasterncounties@carefor.ca\",\"telephone\":\"613-932-3451\"},{\"@type\":\"Person\",\"@id\":\"https:\\\/\\\/carefor.ca\\\/fr\\\/#\\\/schema\\\/person\\\/199810fb17667cd6da84c22378b3c1ae\",\"name\":\"etsadmin\",\"image\":{\"@type\":\"ImageObject\",\"inLanguage\":\"fr-FR\",\"@id\":\"https:\\\/\\\/secure.gravatar.com\\\/avatar\\\/2267e1e3ba30c02078cb2c89254a5fe7c99fc5bf608e9dd7ff927913fb849aa0?s=96&d=mm&r=g\",\"url\":\"https:\\\/\\\/secure.gravatar.com\\\/avatar\\\/2267e1e3ba30c02078cb2c89254a5fe7c99fc5bf608e9dd7ff927913fb849aa0?s=96&d=mm&r=g\",\"contentUrl\":\"https:\\\/\\\/secure.gravatar.com\\\/avatar\\\/2267e1e3ba30c02078cb2c89254a5fe7c99fc5bf608e9dd7ff927913fb849aa0?s=96&d=mm&r=g\",\"caption\":\"etsadmin\"},\"sameAs\":[\"https:\\\/\\\/carefor.ca\"],\"url\":\"https:\\\/\\\/carefor.ca\\\/fr\\\/author\\\/etsadmin\\\/\"}]}<\/script>\n<!-- \/ Yoast SEO Premium plugin. -->","yoast_head_json":{"title":"Le b\u00e9n\u00e9volat\u00a0: un passe-temps productif et positif pour les personnes \u00e2g\u00e9es - Carefor","robots":{"index":"index","follow":"follow","max-snippet":"max-snippet:-1","max-image-preview":"max-image-preview:large","max-video-preview":"max-video-preview:-1"},"canonical":"https:\/\/carefor.ca\/fr\/le-benevolat-un-passe-temps-productif-et-positif-pour-les-personnes-agees\/","og_locale":"fr_FR","og_type":"article","og_title":"Le b\u00e9n\u00e9volat\u00a0: un passe-temps productif et positif pour les personnes \u00e2g\u00e9es","og_description":"Le b\u00e9n\u00e9volat est une activit\u00e9 courante \u00e0 laquelle les a\u00een\u00e9s participeront \u00e0 mesure qu&rsquo;ils gagneront plus de temps libre apr\u00e8s la retraite. Le b\u00e9n\u00e9volat a le potentiel d&rsquo;am\u00e9liorer la sant\u00e9, [&hellip;]","og_url":"https:\/\/carefor.ca\/fr\/le-benevolat-un-passe-temps-productif-et-positif-pour-les-personnes-agees\/","og_site_name":"Carefor","article_publisher":"https:\/\/www.facebook.com\/CareforHCS","article_published_time":"2023-04-13T04:00:00+00:00","article_modified_time":"2024-02-09T16:33:12+00:00","og_image":[{"width":2560,"height":1707,"url":"https:\/\/carefor.ca\/wp-content\/uploads\/2023\/06\/Carefor_s-Guest-House-6-scaled.jpg?_t=1733785180","type":"image\/jpeg"}],"author":"etsadmin","twitter_card":"summary_large_image","twitter_creator":"@CareforHCS","twitter_site":"@CareforHCS","twitter_misc":{"\u00c9crit par":"etsadmin","Dur\u00e9e de lecture estim\u00e9e":"3 minutes"},"schema":{"@context":"https:\/\/schema.org","@graph":[{"@type":"Article","@id":"https:\/\/carefor.ca\/fr\/le-benevolat-un-passe-temps-productif-et-positif-pour-les-personnes-agees\/#article","isPartOf":{"@id":"https:\/\/carefor.ca\/fr\/le-benevolat-un-passe-temps-productif-et-positif-pour-les-personnes-agees\/"},"author":{"name":"etsadmin","@id":"https:\/\/carefor.ca\/fr\/#\/schema\/person\/199810fb17667cd6da84c22378b3c1ae"},"headline":"Le b\u00e9n\u00e9volat\u00a0: un passe-temps productif et positif pour les personnes \u00e2g\u00e9es","datePublished":"2023-04-13T04:00:00+00:00","dateModified":"2024-02-09T16:33:12+00:00","mainEntityOfPage":{"@id":"https:\/\/carefor.ca\/fr\/le-benevolat-un-passe-temps-productif-et-positif-pour-les-personnes-agees\/"},"wordCount":586,"publisher":{"@id":"https:\/\/carefor.ca\/fr\/#organization"},"image":{"@id":"https:\/\/carefor.ca\/fr\/le-benevolat-un-passe-temps-productif-et-positif-pour-les-personnes-agees\/#primaryimage"},"thumbnailUrl":"https:\/\/carefor.ca\/wp-content\/uploads\/2023\/06\/Carefor_s-Guest-House-6-scaled.jpg","keywords":["Healthy Aging"],"articleSection":["Non classifi\u00e9(e)"],"inLanguage":"fr-FR"},{"@type":"WebPage","@id":"https:\/\/carefor.ca\/fr\/le-benevolat-un-passe-temps-productif-et-positif-pour-les-personnes-agees\/","url":"https:\/\/carefor.ca\/fr\/le-benevolat-un-passe-temps-productif-et-positif-pour-les-personnes-agees\/","name":"Le b\u00e9n\u00e9volat\u00a0: un passe-temps productif et positif pour les personnes \u00e2g\u00e9es - Carefor","isPartOf":{"@id":"https:\/\/carefor.ca\/fr\/#website"},"primaryImageOfPage":{"@id":"https:\/\/carefor.ca\/fr\/le-benevolat-un-passe-temps-productif-et-positif-pour-les-personnes-agees\/#primaryimage"},"image":{"@id":"https:\/\/carefor.ca\/fr\/le-benevolat-un-passe-temps-productif-et-positif-pour-les-personnes-agees\/#primaryimage"},"thumbnailUrl":"https:\/\/carefor.ca\/wp-content\/uploads\/2023\/06\/Carefor_s-Guest-House-6-scaled.jpg","datePublished":"2023-04-13T04:00:00+00:00","dateModified":"2024-02-09T16:33:12+00:00","breadcrumb":{"@id":"https:\/\/carefor.ca\/fr\/le-benevolat-un-passe-temps-productif-et-positif-pour-les-personnes-agees\/#breadcrumb"},"inLanguage":"fr-FR","potentialAction":[{"@type":"ReadAction","target":["https:\/\/carefor.ca\/fr\/le-benevolat-un-passe-temps-productif-et-positif-pour-les-personnes-agees\/"]}]},{"@type":"ImageObject","inLanguage":"fr-FR","@id":"https:\/\/carefor.ca\/fr\/le-benevolat-un-passe-temps-productif-et-positif-pour-les-personnes-agees\/#primaryimage","url":"https:\/\/carefor.ca\/wp-content\/uploads\/2023\/06\/Carefor_s-Guest-House-6-scaled.jpg","contentUrl":"https:\/\/carefor.ca\/wp-content\/uploads\/2023\/06\/Carefor_s-Guest-House-6-scaled.jpg","width":2560,"height":1707,"caption":"A Carefor team member sitting with an elderly woman on a couch. The team member is pulling the elderly woman into a hug."},{"@type":"BreadcrumbList","@id":"https:\/\/carefor.ca\/fr\/le-benevolat-un-passe-temps-productif-et-positif-pour-les-personnes-agees\/#breadcrumb","itemListElement":[{"@type":"ListItem","position":1,"name":"Home","item":"https:\/\/carefor.ca\/fr\/"},{"@type":"ListItem","position":2,"name":"Le b\u00e9n\u00e9volat\u00a0: un passe-temps productif et positif pour les personnes \u00e2g\u00e9es"}]},{"@type":"WebSite","@id":"https:\/\/carefor.ca\/fr\/#website","url":"https:\/\/carefor.ca\/fr\/","name":"Carefor","description":"High Quality Homecare","publisher":{"@id":"https:\/\/carefor.ca\/fr\/#organization"},"potentialAction":[{"@type":"SearchAction","target":{"@type":"EntryPoint","urlTemplate":"https:\/\/carefor.ca\/fr\/?s={search_term_string}"},"query-input":{"@type":"PropertyValueSpecification","valueRequired":true,"valueName":"search_term_string"}}],"inLanguage":"fr-FR"},{"@type":"Organization","@id":"https:\/\/carefor.ca\/fr\/#organization","name":"Carefor Health and Community Services","url":"https:\/\/carefor.ca\/fr\/","logo":{"@type":"ImageObject","inLanguage":"fr-FR","@id":"https:\/\/carefor.ca\/fr\/#\/schema\/logo\/image\/","url":"","contentUrl":"","caption":"Carefor Health and Community Services"},"image":{"@id":"https:\/\/carefor.ca\/fr\/#\/schema\/logo\/image\/"},"sameAs":["https:\/\/www.facebook.com\/CareforHCS","https:\/\/x.com\/CareforHCS","https:\/\/www.linkedin.com\/company\/carefor-health-and-community-services\/"],"description":"205 Amelia Street, Suite 100 Cornwall, ON K6H 3P3","email":"infoeasterncounties@carefor.ca","telephone":"613-932-3451"},{"@type":"Person","@id":"https:\/\/carefor.ca\/fr\/#\/schema\/person\/199810fb17667cd6da84c22378b3c1ae","name":"etsadmin","image":{"@type":"ImageObject","inLanguage":"fr-FR","@id":"https:\/\/secure.gravatar.com\/avatar\/2267e1e3ba30c02078cb2c89254a5fe7c99fc5bf608e9dd7ff927913fb849aa0?s=96&d=mm&r=g","url":"https:\/\/secure.gravatar.com\/avatar\/2267e1e3ba30c02078cb2c89254a5fe7c99fc5bf608e9dd7ff927913fb849aa0?s=96&d=mm&r=g","contentUrl":"https:\/\/secure.gravatar.com\/avatar\/2267e1e3ba30c02078cb2c89254a5fe7c99fc5bf608e9dd7ff927913fb849aa0?s=96&d=mm&r=g","caption":"etsadmin"},"sameAs":["https:\/\/carefor.ca"],"url":"https:\/\/carefor.ca\/fr\/author\/etsadmin\/"}]}},"url":"https:\/\/carefor.ca\/fr\/le-benevolat-un-passe-temps-productif-et-positif-pour-les-personnes-agees\/","url_target":null,"link_text":"En Savoir Plus","image":"<img width=\"768\" height=\"512\" src=\"https:\/\/carefor.ca\/wp-content\/uploads\/2023\/06\/Carefor_s-Guest-House-6-768x512.jpg\" class=\"attachment-box-image size-box-image wp-post-image\" alt=\"A Carefor team member sitting with an elderly woman on a couch. The team member is pulling the elderly woman into a hug.\" decoding=\"async\" loading=\"lazy\" srcset=\"https:\/\/carefor.ca\/wp-content\/uploads\/2023\/06\/Carefor_s-Guest-House-6-768x512.jpg 768w, https:\/\/carefor.ca\/wp-content\/uploads\/2023\/06\/Carefor_s-Guest-House-6-300x200.jpg 300w, https:\/\/carefor.ca\/wp-content\/uploads\/2023\/06\/Carefor_s-Guest-House-6-1024x683.jpg 1024w, https:\/\/carefor.ca\/wp-content\/uploads\/2023\/06\/Carefor_s-Guest-House-6-1536x1024.jpg 1536w, https:\/\/carefor.ca\/wp-content\/uploads\/2023\/06\/Carefor_s-Guest-House-6-2048x1365.jpg 2048w, https:\/\/carefor.ca\/wp-content\/uploads\/2023\/06\/Carefor_s-Guest-House-6-2000x1333.jpg 2000w, https:\/\/carefor.ca\/wp-content\/uploads\/2023\/06\/Carefor_s-Guest-House-6-400x267.jpg 400w\" sizes=\"auto, (max-width: 768px) 100vw, 768px\" \/>","_links":{"self":[{"href":"https:\/\/carefor.ca\/fr\/wp-json\/wp\/v2\/posts\/5982","targetHints":{"allow":["GET"]}}],"collection":[{"href":"https:\/\/carefor.ca\/fr\/wp-json\/wp\/v2\/posts"}],"about":[{"href":"https:\/\/carefor.ca\/fr\/wp-json\/wp\/v2\/types\/post"}],"author":[{"embeddable":true,"href":"https:\/\/carefor.ca\/fr\/wp-json\/wp\/v2\/users\/1"}],"replies":[{"embeddable":true,"href":"https:\/\/carefor.ca\/fr\/wp-json\/wp\/v2\/comments?post=5982"}],"version-history":[{"count":2,"href":"https:\/\/carefor.ca\/fr\/wp-json\/wp\/v2\/posts\/5982\/revisions"}],"predecessor-version":[{"id":6774,"href":"https:\/\/carefor.ca\/fr\/wp-json\/wp\/v2\/posts\/5982\/revisions\/6774"}],"wp:featuredmedia":[{"embeddable":true,"href":"https:\/\/carefor.ca\/fr\/wp-json\/wp\/v2\/media\/5190"}],"wp:attachment":[{"href":"https:\/\/carefor.ca\/fr\/wp-json\/wp\/v2\/media?parent=5982"}],"wp:term":[{"taxonomy":"category","embeddable":true,"href":"https:\/\/carefor.ca\/fr\/wp-json\/wp\/v2\/categories?post=5982"},{"taxonomy":"post_tag","embeddable":true,"href":"https:\/\/carefor.ca\/fr\/wp-json\/wp\/v2\/tags?post=5982"}],"curies":[{"name":"wp","href":"https:\/\/api.w.org\/{rel}","templated":true}]}}